{"id":16120,"date":"2025-04-11T17:27:37","date_gmt":"2025-04-11T17:27:37","guid":{"rendered":"https:\/\/freedomocalansyria.com\/?p=16120"},"modified":"2025-04-11T17:28:48","modified_gmt":"2025-04-11T17:28:48","slug":"li-romaye-konferansa-azadi-ji-ocalan-re-careseri-ji-pirsgireka-kurd-re","status":"publish","type":"post","link":"https:\/\/freedomocalansyria.com\/?p=16120","title":{"rendered":"Li Romay\u00ea &#8216;Konferansa Azad\u00ee ji Ocalan re, \u00c7areser\u00ee ji Pirsgir\u00eaka Kurd re&#8217;"},"content":{"rendered":"\n<p>Li paytexta \u00cetalya Romay\u00ea, &#8216;Konferansa Azad\u00ee ji Abdullah Ocalan re, \u00c7areser\u00ee ji Pirsgir\u00eaka Kurd re ya Navnetewey\u00ee&#8217; \u00eero destp\u00ea dike. Ji welat\u00ean cuda w\u00ea z\u00eadey\u00ee 300 kes tevl\u00ee konferans\u00ea bibin.<\/p>\n\n\n\n<figure class=\"wp-block-image is-resized\"><img decoding=\"async\" src=\"https:\/\/anfkurdi.com\/uploads\/ku\/articles\/2025\/04\/20250411-20250410-20250404-conferenza-kurd-page-0001-jpgf5f9c6-image-jpgba0c9b-image-jpgc82cf9-image.jpg\" alt=\"\" style=\"width:522px;height:auto\"\/><\/figure>\n\n\n\n<p><strong>AZAD\u00ce JI R\u00caBER APO RE<\/strong><\/p>\n\n\n\n<p>&#8216;Konferansa Azad\u00ee ji Abdullah Ocalan re, \u00c7areser\u00ee ji Pirsgir\u00eaka Kurd re ya Navnetewey\u00ee&#8217; ku Konfederasyona Karkeran a \u00cetalyay\u00ea (CGIL) malovaniy\u00ea j\u00ea re dike, \u00eero destp\u00ea dike. Konferans w\u00ea li paytexta \u00cetalya Romay\u00ea p\u00eak were \u00fb ji 16 welatan ji pi\u015ftevan\u00ean p\u00eangava &#8216;Azad\u00ee ji R\u00eaber Apo re, \u00c7areser\u00ee ji Pirsgir\u00eaka Kurd re&#8217; z\u00eadey\u00ee 300 delege be\u015fdar bibin.<\/p>\n\n\n\n<p>Di konferans\u00ea de ku ji aliy\u00ea Buroya Enformasyon\u00ea ya Kurdistan\u00ea \u00fb Kom\u00eeteya P\u00eangav\u00ea ve t\u00ea lidarxistin, w\u00ea bandora p\u00eangav\u00ea b\u00ea n\u00eeqa\u015fkirin. Yek ji rojev\u00ean bingeh\u00een \u00ean konferans\u00ea w\u00ea banga d\u00eerok\u00ee ya R\u00eaber Apo be ku 27&#8217;\u00ea Sibat\u00ea kir. Di konferans\u00ea de w\u00ea gav\u00ean ku di \u00e7ar\u00e7oveya p\u00eangav\u00ea de b\u00eane av\u00eatin, werin n\u00eeqa\u015fkirin.<\/p>\n\n\n\n<p>Konferans bi wergera s\u00eem\u00fbltane ya bi Kurd\u00ee, \u00cetal\u00ee, Span\u00ee \u00fb \u00ceng\u00eel\u00eez\u00ee karibe b\u00ea \u015fopandin. Konferans w\u00ea saet di 15:00 de bi konser \u00fb performansa li ser fikr\u00ean R\u00eaber Apo destp\u00ea bike.<\/p>\n\n\n\n<p><strong>BERNAMEYA KONFERANS\u00ca<\/strong><\/p>\n\n\n\n<p>11&#8217;\u00ea N\u00eesan\u00ea roja \u00cen\u00ea<\/p>\n\n\n\n<p>15:00 -16:00 Panela destp\u00eak\u00ea:<\/p>\n\n\n\n<p>Y\u0131lmaz Orkan \u2013 Buroya Enformasyon\u00ea ya Kurdistan\u00ea li \u00cetalyay\u00ea (UIKI Onlus)<br>Salvatore Marra \u2013 Serok\u00ea T\u00eakiliy\u00ean Navnetewey\u00ee ya Send\u00eekaya CGIL a \u00cetalyay\u00ea<br>Massimiliano Smeriglio \u2013 Endam\u00ea Mecl\u00eesa \u015earedariya Romay\u00ea y\u00ea ji \u00c7and\u00ea Berpirsyar, w\u00ea bi nav\u00ea \u015earedar\u00ea Romay\u00ea be\u015fdar\u00ean konferans\u00ea silav bike.<br>Prof. Kariane Westerheim \u2013 W\u00ea peyama kampanyay\u00ea ya kesayet\u00ean Xelata Nobel\u00ea wergirtine parve bike.<br>Simon Dubbins \u2013 Tora navnetewey\u00ee ya Azad\u00ee ji Abdullah Ocalan re \u00fb Send\u00eekaya UNITE<br>Z\u00fcbeyde Z\u00fcmr\u00fct \u2013 Ji Berdevk\u00ean Kampanya Azad\u00ee ji Ocalan re<\/p>\n\n\n\n<p>N\u00ee\u015fandana s\u00eenev\u00eezyona l\u0131 ser p\u00eangav\u00ea<\/p>\n\n\n\n<p>16:00 &#8211; 18:30<\/p>\n\n\n\n<p>1. Panel:<\/p>\n\n\n\n<p>Bi moderatoriya Dr. Gisela Penteker a ji IPPNW-Elmanyay\u00ea \u00fb ji MIGRANTE F\u00eel\u00eep\u00eeniyan Father Aris w\u00ea &#8216;P\u00eangava Azadiy\u00ea&#8217; \u00fb banga Abdullah Ocalan b\u00eane nirxandin.<\/p>\n\n\n\n<p>Qiseker:<br>Zilan Diyar \u2013 TJK-E: Zor \u00fb zehmet\u00ee, her wiha destketiy\u00ea kampanyay\u00ea<br>Nicola Fratoianni \u2013 Parlamenter, Sekretera Gi\u015ft\u00ee ya Sinistra Italiana<br>Emmanuel Fernandes \u2013 Parlamenter, Endam\u00ea Mecl\u00eesa Parlamenteran a Konseya Ewropay\u00ea<br>Diana Urrea Herrera \u2013 Welat\u00ea Bask\u00ea, parlamentera EHBildu: Tevkariya Bask\u00ea li azadiya Abdullah Ocalan<br>Maurizio Acerbo \u2013 Sekreter\u00ea Gi\u015ft\u00ee y\u00ea Partiya Jin\u00fbve Rizgariy\u00ea ya Komun\u00eest &#8211; \u00c7ep a Ewropay\u00ea: Kampanyay\u00ean li \u00cetalyay\u00ea<br>Mike Arnott \u2013 Sekreter\u00ea Konseya Send\u00eekayan a Dundee, Serok\u00ea Ber\u00ea y\u00ea Kongreya Send\u00eekayan a Sko\u00e7yay\u00ea<br>Keskin Bay\u0131nd\u0131r \u2013 Parlamenter\u00ea DEM Partiy\u00ea, Hevserok\u00ea Gi\u015ft\u00ee y\u00ea Partiya Her\u00eaman a Demokrat\u00eek<br>Emily Clancy \u2013 Al\u00eekara \u015earedar\u00ea Bolognay\u00ea<br>Piero Bernocchi \u2013 Berdevk\u00ea Send\u00eekaya Taban (COBAS)<br>Juli\u00e1n Aguirre \u2013 Endam\u00ea Sekreterya T\u00eakiliy\u00ean Navnetewey\u00ee ya CTA Xweser a Arjant\u00een\u00ea<br>Saet di 19:30 de w\u00ea li Navenda \u00c7and\u00ea ya Ararat dans b\u00ea n\u00ee\u015fandan \u00fb performansa muz\u00eeka gel a \u00cetalyay\u00ea ya Cumpari b\u00ea p\u00ea\u015fk\u00ea\u015fkirin.<\/p>\n\n\n\n<p>12&#8217;\u00ea N\u00eesan\u00ea roja \u015eemiy\u00ea<\/p>\n\n\n\n<p>09:30 &#8211; 11:00<\/p>\n\n\n\n<p>2. Panel:<\/p>\n\n\n\n<p>Bi moderatoriya Wez\u00eer\u00ea Edalet\u00ea y\u00ea Ber\u00ea y\u00ea \u00cezlanday\u00ea \u00fb Endam\u00ea Heyeta \u00cemraliy\u00ea \u00d6gmunder Jonasson \u00fb Al\u00eekara Sekreter\u00ea Gi\u015ft\u00ee y\u00ea ELDH&#8217;\u00ea Par\u00eazer Ceren \u00dbysal, tecr\u00eeda li \u00cemraliy\u00ea ya 26 salan, hiq\u00fbq \u00fb siyaset w\u00ea b\u00eane n\u00eeqa\u015fkirin.<\/p>\n\n\n\n<p>Qiseker:<\/p>\n\n\n\n<p>Par\u00eazer Reng\u00een Erg\u00fcl \u2013 Endama MAF-DAD&#8217;\u00ea: Maf\u00ea H\u00eaviy\u00ea \u00fb Hiq\u00fbqa Navnetewey\u00ee ya di bin S\u00eestema Tecr\u00eed\u00ea ya \u00cemraliy\u00ea de<br>Faik \u00d6zg\u00fcr Erol \u2013 Buroya Hiq\u00fbq\u00ea ya Sedsal\u00ea: Saz\u00eeb\u00fbna Rew\u015fa Awarte \u00fb Rej\u00eema Tecr\u00eed\u00ea ya li \u00cemraliy\u00ea<\/p>\n\n\n\n<p>11:20 &#8211; 13:00<\/p>\n\n\n\n<p>3. Panel: Bi moderatoriya \u015earedar\u00ea Roma VIII. Amedeo Ciaccheri \u00fb ji Kom\u00eeteya Kampanya Dewlet\u00ea ya Spanyay\u00ea Consuelo Nunez w\u00ea bandora banga &#8216;A\u015ft\u00ee \u00fb Civaka Demokrat\u00eek&#8217; a Abdullah Ocalan a li ser qad\u00ean xwecih\u00ee, her\u00eam\u00ee \u00fb navnetewey\u00ee b\u00ea n\u00eeqa\u015fkirin.<\/p>\n\n\n\n<p>Qiseker:<\/p>\n\n\n\n<p>Parlamentera DEM Partiy\u00ea \u00fb Endama Heyeta \u00cemraliy\u00ea Pervin Buldan: Bi h\u00eaza civaka demokrat\u00eek stratejiya veguherandina rej\u00eema zordar<br>\u0130dris Baluken &#8211; Endam\u00ea Heyeta \u00cemraliy\u00ea ya P\u00eavajoya A\u015ftiy\u00ea ya Ber\u00ea: Tecr\u00fbbey\u00ean dema 2013-2015 \u00fb p\u00eavajoya rojane<br>\u00d6mer \u00d6calan \u2013 Parlamenter\u00ea DEM Partiy\u00ea: Bandora stratejiya demokrat\u00eek a Ocalan li ser Tirkiye \u00fb Rojhilata Nav\u00een<br>Foza Yusif \u2013 N\u00fbnera R\u00eaveberiya Xweser a Bakur \u00fb Rojhilat\u00ea S\u00fbriyey\u00ea: Bi serketin\u00ean Rojava veguher\u00eena demokrat\u00eek a S\u00fbriyey\u00ea<br>\u00cedr\u00ees Sa\u00eed \u2013 &nbsp;Berdevk\u00ea Kom\u00eeteya Azad\u00ee ji Ocalan re ya Bakur \u00fb Rojhilat\u00ea S\u00fbriyey\u00ea<\/p>\n\n\n\n<p>14:30 &#8211; 16:00<\/p>\n\n\n\n<p>1.Forum: Bi moderatoriya endama Konseya Kongreya Netewey\u00ee ya Kurdistan\u00ea (KNK) Nil\u00fcfer Ko\u00e7 \u00fb Seroka CRED&#8217;\u00ea Par\u00eazer Michela Arricale nirxandin w\u00ea b\u00eane kirin, perspekt\u00eef\u00ean pa\u015feroj\u00ea \u00fb plan b\u00eane axaftin.<\/p>\n\n\n\n<p>16:30<\/p>\n\n\n\n<p>2. Forum: Bi be\u015fdaran hem\u00fbyan re w\u00ea n\u00eeqa\u015feke gi\u015ft\u00ee b\u00ea kirin<\/p>\n\n\n\n<p>Kesayet\u00ean ku tevkariy\u00ea li konferans\u00ea dikin:<br>Giovanni Russo Spena \u2013 Kom\u00eeteya Kampanya \u201cDema w\u00ea hatiye: Div\u00ea Ocalan azad bibe\u201d ya \u00cetalyay\u00ea<br>Par\u00eazer Ayn\u00fbr Pa\u015fa \u2013 Kom\u00eeteya Azad\u00ee ji Ocalan re ya Bakur \u00fb Rojhilat\u00ea S\u00fbriyey\u00ea<br>Akademiya Modern\u00eeteya Demokrat\u00eek<br>Kom\u00eeteya Pi\u015ftevaniya bi Kurdistan\u00ea re ya Norw\u00eac\u00ea<br>Domenico Mucignat \u2013 Rete Kurdistan- \u00cetalya<br>Women in Exile- Elmanya<br>Rete Jin- &nbsp;\u00cetalya<br>Fernaz Attia Ahmed Farajallah Said \u2013 Hewldana N\u00fbn &#8211; &nbsp;Misir<br>Tevgera Ciwanan<br>Jineoloj\u00ee<br>Mujeres y la Sexta- Meks\u00eeka<br>Amidou Diamoutene \u2013 Union Luttes- Mal\u00ee<br>N\u00eeqa\u015fa Gi\u015ft\u00ee \u2013 Kom\u00eete \u00fb Tevn<\/p>\n","protected":false},"excerpt":{"rendered":"<p>Li paytexta \u00cetalya Romay\u00ea, &#8216;Konferansa Azad\u00ee ji Abdullah Ocalan re, \u00c7areser\u00ee ji Pirsgir\u00eaka Kurd re ya Navnetewey\u00ee&#8217; \u00eero destp\u00ea dike. Ji welat\u00ean cuda w\u00ea z\u00eadey\u00ee 300 kes tevl\u00ee konferans\u00ea bibin. AZAD\u00ce JI R\u00caBER APO RE &#8216;Konferansa Azad\u00ee ji Abdullah Ocalan re, \u00c7areser\u00ee ji Pirsgir\u00eaka Kurd re ya Navnetewey\u00ee&#8217; ku Konfederasyona Karkeran a \u00cetalyay\u00ea (CGIL) malovaniy\u00ea [&hellip;]<\/p>\n","protected":false},"author":7,"featured_media":16122,"comment_status":"closed","ping_status":"closed","sticky":false,"template":"","format":"standard","meta":{"footnotes":""},"categories":[71],"tags":[],"class_list":["post-16120","post","type-post","status-publish","format-standard","has-post-thumbnail","hentry","category-71"],"_links":{"self":[{"href":"https:\/\/freedomocalansyria.com\/index.php?rest_route=\/wp\/v2\/posts\/16120","targetHints":{"allow":["GET"]}}],"collection":[{"href":"https:\/\/freedomocalansyria.com\/index.php?rest_route=\/wp\/v2\/posts"}],"about":[{"href":"https:\/\/freedomocalansyria.com\/index.php?rest_route=\/wp\/v2\/types\/post"}],"author":[{"embeddable":true,"href":"https:\/\/freedomocalansyria.com\/index.php?rest_route=\/wp\/v2\/users\/7"}],"replies":[{"embeddable":true,"href":"https:\/\/freedomocalansyria.com\/index.php?rest_route=%2Fwp%2Fv2%2Fcomments&post=16120"}],"version-history":[{"count":1,"href":"https:\/\/freedomocalansyria.com\/index.php?rest_route=\/wp\/v2\/posts\/16120\/revisions"}],"predecessor-version":[{"id":16121,"href":"https:\/\/freedomocalansyria.com\/index.php?rest_route=\/wp\/v2\/posts\/16120\/revisions\/16121"}],"wp:featuredmedia":[{"embeddable":true,"href":"https:\/\/freedomocalansyria.com\/index.php?rest_route=\/wp\/v2\/media\/16122"}],"wp:attachment":[{"href":"https:\/\/freedomocalansyria.com\/index.php?rest_route=%2Fwp%2Fv2%2Fmedia&parent=16120"}],"wp:term":[{"taxonomy":"category","embeddable":true,"href":"https:\/\/freedomocalansyria.com\/index.php?rest_route=%2Fwp%2Fv2%2Fcategories&post=16120"},{"taxonomy":"post_tag","embeddable":true,"href":"https:\/\/freedomocalansyria.com\/index.php?rest_route=%2Fwp%2Fv2%2Ftags&post=16120"}],"curies":[{"name":"wp","href":"https:\/\/api.w.org\/{rel}","templated":true}]}}